{"id":1389,"date":"2024-04-05T14:16:49","date_gmt":"2024-04-05T14:16:49","guid":{"rendered":"https:\/\/www.lauratoursbarcelona.com\/por-que-visitar-girona-en-primavera\/"},"modified":"2024-04-05T14:16:49","modified_gmt":"2024-04-05T14:16:49","slug":"por-que-visitar-girona-en-primavera","status":"publish","type":"post","link":"https:\/\/www.lauratoursbarcelona.com\/es\/por-que-visitar-girona-en-primavera\/","title":{"rendered":"Por qu\u00e9 visitar Girona en primavera"},"content":{"rendered":"<p><span style=\"font-weight: 400;\">Imag\u00ednatelo: flores de colores por todas partes, llenando las calles con su dulce aroma. Pero no se trata s\u00f3lo de flores: hay m\u00fasica, comida y mucha diversi\u00f3n. Tanto si es un fan\u00e1tico de las flores como si s\u00f3lo quiere pasar un buen rato, este festival es toda una experiencia.<\/span><\/p>\n<h1>Un humilde comienzo<\/h1>\n<p><span style=\"font-weight: 400;\">Comenz\u00f3 como una peque\u00f1a exposici\u00f3n de flores en Gerona a mediados del siglo XX. Con el tiempo, fue ganando popularidad, atrayendo cada vez a m\u00e1s visitantes y ampliando su alcance para incluir diversos actos y actividades culturales. Hoy en d\u00eda, es uno de los edificios m\u00e1s importantes de Girona.  <\/span><b>celebraciones anuales m\u00e1s significativas<\/b><span style=\"font-weight: 400;\">.<\/span><\/p>\n<h2>Descubrir Temps de Flors<\/h2>\n<ul>\n<li style=\"font-weight: 400;\" aria-level=\"1\"><span style=\"font-weight: 400;\">Creativas instalaciones florales: Disfrute de los impresionantes despliegues florales que transforman las calles. <\/span><b>Todos los espect\u00e1culos florales son gratuitos<\/b><span style=\"font-weight: 400;\">\u00a1!<\/span><\/li>\n<li style=\"font-weight: 400;\" aria-level=\"1\"><b>M\u00fasica, espect\u00e1culos y cultura<\/b><span style=\"font-weight: 400;\">Sum\u00e9rjase en este ambiente festivo.<\/span><\/li>\n<li style=\"font-weight: 400;\" aria-level=\"1\"><span style=\"font-weight: 400;\">Gastronom\u00eda local: del\u00e9itese con la deliciosa <\/span><b>cocina catalana<\/b><span style=\"font-weight: 400;\"> y bebidas.<\/span><\/li>\n<li style=\"font-weight: 400;\" aria-level=\"1\"><span style=\"font-weight: 400;\">Exploraci\u00f3n de la ciudad: aproveche para descubrir los encantos de Girona, ya que algunas de las <\/span><b>exposiciones se encuentran en lugares que habitualmente no est\u00e1n abiertos al p\u00fablico.<\/b><span style=\"font-weight: 400;\">.<\/span><\/li>\n<li style=\"font-weight: 400;\" aria-level=\"1\"><span style=\"font-weight: 400;\">Experiencias culturales: Participar en <\/span><b>talleres, conferencias<\/b><span style=\"font-weight: 400;\">y otras actividades<\/span><span style=\"font-weight: 400;\">.<\/span><\/li>\n<li style=\"font-weight: 400;\" aria-level=\"1\"><b>Fotograf\u00eda de ensue\u00f1o<\/b><span style=\"font-weight: 400;\">: Capta momentos inolvidables con tu c\u00e1mara mientras exploras las impresionantes muestras florales y los pintorescos rincones de la ciudad.<\/span><\/li>\n<\/ul>\n<h2>Fechas y lugar de Temps de Flors:<\/h2>\n<ul>\n<li><b>P\u00e1gina web oficial:<\/b> <a href=\"https:\/\/tempsdeflors.girona.cat\/cat\/inici.php\" target=\"_blank\" rel=\"noopener\"><br \/>\n  <span style=\"font-weight: 400;\">https:\/\/tempsdeflors.girona.cat\/cat\/inici.php<\/span><br \/>\n<\/a><\/li>\n<li><b>Correo electr\u00f3nico <\/b><a href=\"mailto:turisme@ajgirona.cat\"><br \/>\n  <span style=\"font-weight: 400;\">turisme@ajgirona.cat<\/span><br \/>\n<\/a><\/li>\n<li><b>Tel\u00e9fono: <\/b><span style=\"font-weight: 400;\">+34 972 226 575<\/span><\/li>\n<li><b>Edici\u00f3n 2024:<\/b><span style=\"font-weight: 400;\"> Del 11 al 19 de mayo<\/span><\/li>\n<li><b>\u00bfD\u00f3nde?<\/b><span style=\"font-weight: 400;\">  En el centro de Girona. La mayor\u00eda de las instalaciones florales se encuentran en el casco antiguo.<\/span><\/li>\n<\/ul>\n<h3>Consejos para florecer<\/h3>\n<p><span style=\"font-weight: 400;\">Aqu\u00ed tienes algunos consejos para pas\u00e1rtelo en grande:<\/span><\/p>\n<ol>\n<li style=\"font-weight: 400;\" aria-level=\"1\"><span style=\"font-weight: 400;\">Considere la posibilidad de <\/span><b>visitarlo entre semana<\/b><span style=\"font-weight: 400;\"> para evitar las aglomeraciones y disfrutar de un paseo m\u00e1s tranquilo entre las muestras florales.<\/span><\/li>\n<li style=\"font-weight: 400;\" aria-level=\"1\"><span style=\"font-weight: 400;\">No olvide <\/span><b>salirse de los caminos trillados<\/b><span style=\"font-weight: 400;\"> &#8211; algunas de las instalaciones m\u00e1s encantadoras est\u00e1n escondidas en rincones ocultos esperando a ser descubiertas.<\/span><\/li>\n<li style=\"font-weight: 400;\" aria-level=\"1\"><span style=\"font-weight: 400;\">Aseg\u00farese de <\/span><b>su c\u00e1mara<\/b><span style=\"font-weight: 400;\"> para capturar todos los colores vibrantes y los intrincados detalles del festival.<\/span><\/li>\n<li style=\"font-weight: 400;\" aria-level=\"1\"><span style=\"font-weight: 400;\">Disfrute del ambiente festivo saboreando <\/span><b>cocina local<\/b><span style=\"font-weight: 400;\"> en los puestos de comida improvisados y sum\u00e9rjase en la <\/span><b>m\u00fasica en directo y actuaciones culturales<\/b><span style=\"font-weight: 400;\"> dispersas por toda la ciudad.<\/span><\/li>\n<li style=\"font-weight: 400;\" aria-level=\"1\"><span style=\"font-weight: 400;\">Tenga en cuenta que<\/span><b> no es f\u00e1cil aparcar en Girona<\/b><span style=\"font-weight: 400;\">por lo que se recomienda llegar en tren, autob\u00fas o taxi.<\/span><\/li>\n<\/ol>\n<h3>Qu\u00e9 hacer en Girona<\/h3>\n<p><span style=\"font-weight: 400;\">Desde sus modestos or\u00edgenes hasta su condici\u00f3n actual de acontecimiento de visita obligada, la historia de Temps de Flors refleja su evoluci\u00f3n hasta convertirse en una tradici\u00f3n muy querida tanto por los lugare\u00f1os como por los turistas. Si busca el  <\/span><b>mejor \u00e9poca para visitar Girona<\/b><span style=\"font-weight: 400;\">no dude en planificar su viaje en primavera y contratar con nosotros un <\/span><b>tour privado personalizado de Girona<\/b><span style=\"font-weight: 400;\">\u00a1!<\/span><\/p>\n","protected":false},"excerpt":{"rendered":"<p>Imag\u00ednatelo: flores de colores por todas partes, llenando las calles con su dulce aroma. Pero no se trata s\u00f3lo de flores: hay m\u00fasica, comida y mucha diversi\u00f3n. Tanto si es un fan\u00e1tico de las flores como si s\u00f3lo quiere pasar un buen rato, este festival es toda una experiencia. Un humilde comienzo Comenz\u00f3 como una [&hellip;]<\/p>\n","protected":false},"author":1,"featured_media":1388,"comment_status":"open","ping_status":"open","sticky":false,"template":"","format":"standard","meta":{"_acf_changed":false,"footnotes":""},"categories":[12],"tags":[],"class_list":["post-1389","post","type-post","status-publish","format-standard","has-post-thumbnail","hentry","category-sin-categorizar"],"acf":[],"_links":{"self":[{"href":"https:\/\/www.lauratoursbarcelona.com\/es\/wp-json\/wp\/v2\/posts\/1389","targetHints":{"allow":["GET"]}}],"collection":[{"href":"https:\/\/www.lauratoursbarcelona.com\/es\/wp-json\/wp\/v2\/posts"}],"about":[{"href":"https:\/\/www.lauratoursbarcelona.com\/es\/wp-json\/wp\/v2\/types\/post"}],"author":[{"embeddable":true,"href":"https:\/\/www.lauratoursbarcelona.com\/es\/wp-json\/wp\/v2\/users\/1"}],"replies":[{"embeddable":true,"href":"https:\/\/www.lauratoursbarcelona.com\/es\/wp-json\/wp\/v2\/comments?post=1389"}],"version-history":[{"count":0,"href":"https:\/\/www.lauratoursbarcelona.com\/es\/wp-json\/wp\/v2\/posts\/1389\/revisions"}],"wp:featuredmedia":[{"embeddable":true,"href":"https:\/\/www.lauratoursbarcelona.com\/es\/wp-json\/wp\/v2\/media\/1388"}],"wp:attachment":[{"href":"https:\/\/www.lauratoursbarcelona.com\/es\/wp-json\/wp\/v2\/media?parent=1389"}],"wp:term":[{"taxonomy":"category","embeddable":true,"href":"https:\/\/www.lauratoursbarcelona.com\/es\/wp-json\/wp\/v2\/categories?post=1389"},{"taxonomy":"post_tag","embeddable":true,"href":"https:\/\/www.lauratoursbarcelona.com\/es\/wp-json\/wp\/v2\/tags?post=1389"}],"curies":[{"name":"wp","href":"https:\/\/api.w.org\/{rel}","templated":true}]}}